{"id":205,"date":"2025-10-29T10:44:22","date_gmt":"2025-10-29T10:44:22","guid":{"rendered":"https:\/\/kohs.at\/cms\/en\/?p=205"},"modified":"2025-12-18T15:56:29","modified_gmt":"2025-12-18T15:56:29","slug":"technology-for-co-working-on-health-and-active-life-2nd-conference","status":"publish","type":"post","link":"https:\/\/kohs.at\/cms\/en\/2025\/10\/29\/technology-for-co-working-on-health-and-active-life-2nd-conference\/","title":{"rendered":"Technology for co-working on health and active life: 2nd conference."},"content":{"rendered":"\n<div class=\"wp-block-group is-nowrap is-layout-flex wp-container-core-group-is-layout-ad2f72ca wp-block-group-is-layout-flex\">\n<figure class=\"wp-block-image size-medium\"><a href=\"http:\/\/www.ergonomics-fees.eu\"><img loading=\"lazy\" decoding=\"async\" width=\"300\" height=\"126\" src=\"https:\/\/kohs.at\/cms\/en\/wp-content\/uploads\/2024\/04\/FEES_endorsed_web-300x126.jpg\" alt=\"endorsed by FEES\" class=\"wp-image-111\" style=\"object-fit:cover\" srcset=\"https:\/\/kohs.at\/cms\/en\/wp-content\/uploads\/2024\/04\/FEES_endorsed_web-300x126.jpg 300w, https:\/\/kohs.at\/cms\/en\/wp-content\/uploads\/2024\/04\/FEES_endorsed_web-1024x429.jpg 1024w, https:\/\/kohs.at\/cms\/en\/wp-content\/uploads\/2024\/04\/FEES_endorsed_web-768x322.jpg 768w, https:\/\/kohs.at\/cms\/en\/wp-content\/uploads\/2024\/04\/FEES_endorsed_web.jpg 1084w\" sizes=\"auto, (max-width: 300px) 100vw, 300px\" \/><\/a><\/figure>\n\n\n\n<figure class=\"wp-block-image size-full\"><a href=\"http:\/\/www.aal-europe.eu\/\"><img loading=\"lazy\" decoding=\"async\" width=\"276\" height=\"133\" src=\"https:\/\/kohs.at\/cms\/en\/wp-content\/uploads\/2024\/04\/aal_logo_3.png\" alt=\"supported by AAL Europe\" class=\"wp-image-112\"\/><\/a><\/figure>\n<\/div>\n\n\n\n<p><strong>Technology \u2192 Ergonomics \u2192 OH \u2192 health care \u2192 AAL<\/strong><br><em><strong>&lt;&lt;&lt; towards human centered AI &gt;&gt;&gt;<\/strong><\/em><\/p>\n\n\n\n<p><strong>When &amp; where:<\/strong><br>place<strong>: virtual<\/strong><br>date<strong>: December 11<\/strong><sup><strong>th<\/strong><\/sup><strong> 2025<\/strong> 14:00 CET<br>duration: ~2-3 hours<br>application\/registration: <a href=\"\/cms\/en\/registration-technology-for-2nd-conference\/\">Please apply\/register here<\/a>. <br>(available: sponsored attendance (free of charge))<br>contact: <a href=\"mailto:events@kohs.at\">events@kohs.at<\/a>.<\/p>\n\n\n\n<p><strong>Call for papers:<\/strong><\/p>\n\n\n\n<p>It is planned to produce a conference publication. If you are interested in presenting (short inputs of ~ 7 minutes) and publishing a paper related to the topics of the conference please <a href=\"https:\/\/kohs.at\/cms\/en\/call-for-papers-technology-for-2nd-conference\/\" data-type=\"page\" data-id=\"217\">submit an abstract: here<\/a> (extended until 15.11.2025).<\/p>\n\n\n\n<p>The conference publication is planned to be published in the journal <a href=\"https:\/\/www.ieti.net\/tes\/about.html\">IETI TES<\/a> (Transactions on Ergonomics and Safety) and\/or <a href=\"https:\/\/www.ieti.net\/terp\/about.html\">IETI TERP<\/a> (Transactions on Engineering Research and Practice).<\/p>\n\n\n\n<p><strong>Overall subject:<\/strong><\/p>\n\n\n\n<p>The subject of the workshop is to bring together researchers and practitioners of several disciplines working on concepts to enable the transition of European societies towards healthy and active life.<\/p>\n\n\n\n<p>The health care systems in the European regions are in transition. A wise integration of innovative processes in primary care, competence improvement strategies and the use of technology will be the key for a successful implementation of a demanding change.<\/p>\n\n\n\n<p>Together with partners in research and practice KOHS is being developing a new format of interdisciplinary collaboration. The idea is to foster activities in communities of health care, ergonomics, occupational health and technology research.<br>Topics of the workshop will be actual demands in health care (secondary users), applications of technology to meet this demands, technology (focusing on open platforms, open source), integrated processes to enable co-working on health of primary users and the health of health care workers (challenges for health care organisations and occupational health (tertiary users).<\/p>\n\n\n\n<p><strong>Topics of the workshop:<\/strong><\/p>\n\n\n\n<ul class=\"wp-block-list\">\n<li>Actual challenges in health care\n<ul class=\"wp-block-list\">\n<li>\u201cNew\u201d approach: Community health care \u2192 co-working on health \u2192 active life<\/li>\n<\/ul>\n<\/li>\n\n\n\n<li>Technology needs\n<ul class=\"wp-block-list\">\n<li>Data \u2013 need of data and data structures (open data)<\/li>\n\n\n\n<li>Technology competences \u2192 new formats of interdisciplinary, interprofessional and intersectoral ergonomics education<\/li>\n\n\n\n<li>systematic approach to user experience (UX)<\/li>\n<\/ul>\n<\/li>\n\n\n\n<li>Approach of: Integrated learning<\/li>\n\n\n\n<li>Approach of: Joint cognitive systems (JCS) &amp; Soziotechnical system design (STS-D)<\/li>\n\n\n\n<li>Relevant aspects of Ergonomics<\/li>\n<\/ul>\n\n\n\n<p><strong>Speaker\/Input lineup:<\/strong><\/p>\n\n\n\n<ul class=\"wp-block-list\">\n<li>&#8220;<strong>Aspects of Macro Ergonomics&#8221;, Andrew Thatcher<\/strong>, University of the Witwatersrand (Wits), Johannesburg, South Africa, President of the International Ergonomics Association (IEA)<\/li>\n\n\n\n<li>&#8220;<strong>Technology for Co-working in Active Life and on Health in Inclusive Agriculture&#8221;, Elisabeth Quendler<\/strong>, BOKU University, Vienna, Austria<\/li>\n\n\n\n<li>&#8220;<strong>IA GO! \u2014 Designing Human-AI Learning Ecosystems through Joint Cognitive and Sociotechnical Approaches&#8221;, Laura Salgado Ferreira<\/strong>, IA.GO!, Greater Huelva Metropolitan Area, Spain<\/li>\n\n\n\n<li><strong>FRAM as a Lens for Human-Centered AI and Socio-Technical Co-Working Systems, Niklas<\/strong> <strong>Grabbe<\/strong>, TUM (Technical University of Munich), Munich, Germany<\/li>\n\n\n\n<li>&#8220;<strong>IEC &#8211; a new ergonomic method for risk identification and assessment&#8221;, Aleksandar Zunjic<\/strong>, University of Belgrade, Faculty of Mechanical Engineering, Serbia, Secretary General of the Federation of European Ergonomics Societies and President of the Ergonomics Society of Serbia<\/li>\n\n\n\n<li>&#8220;<strong>From Lab Research to Field Application: Usability Insights of a Soft Arm Exoskeleton&#8221;, Christina Harbauer<\/strong>, EASE, Germany<\/li>\n\n\n\n<li>&#8220;<strong>Links (in Standardisation) between Ergonomics and Occupational Safety and Health&#8221;, Gyula<\/strong> <strong>Szab\u00f3<\/strong>, \u00d3buda University, B\u00e1nki Don\u00e1t Faculty of Mechanical and Safety Engineering, President of the Hungarian Ergonomics Society, Budapest, Hungary<\/li>\n\n\n\n<li>&#8220;<strong>The Effects of the Ergonomics and AI Transition on Workers, Firms, and Skills in Digital Era: Insights from International Educational Projects and Real Practical Examples&#8221;, Tihomir Dovramadjiev<\/strong>, Technical University of Varna, Bulgaria, President of Bulgarian Association of Ergonomics and Human Factors (BAEHF), <strong>Darina Dobreva and Mariela Todorova<\/strong>, Technical University of Varna, Bulgaria<\/li>\n\n\n\n<li>&#8220;<strong>News from the Standardization of Human-System Interaction&#8221;, Lutsch Clemens<\/strong>, swohlwahr \u2013 Human Centered Strategy, Vienna<\/li>\n\n\n\n<li>&#8220;<strong>Assessment and Prediction of a Human Functional State and Performance&#8221;, Alexander Burov<\/strong>, Institute for Digitalisation of Education, Kyiv, Ukraine<\/li>\n\n\n\n<li><strong>Personalization of the Educational Model for Developing Linguistic and Clinical Communicative Competence in International Medical Students through Artificial Intelligence, Albena Dobreva<\/strong> and <strong>Presiyan Penchev<\/strong>, Medical University of Varna, Bulgaria<\/li>\n\n\n\n<li>&#8220;<strong>Living with Rare Neurodegenerative Diseases: can ICT Facilitate Diagnostics, Therapy and Active Life?&#8221;, Micha\u0142 Kosiedowski<\/strong>, Pozna\u0144skie Centrum Superkomputerowo-Sieciowe, Poland<\/li>\n\n\n\n<li>&#8220;<strong>QKD cryptography in Health&#8221;, Maria Laura Clemente,<\/strong> CRS4 Research Center, Center for Advanced Studies, Research and Development in Sardinia, Italy<\/li>\n\n\n\n<li><strong>&#8220;Ergonomics, Human factors, Language and Communication&#8221;, Jens Allwood<\/strong>, University of Gothenburg, Head of SCCIIL &#8211; Interdisciplinary center<\/li>\n\n\n\n<li>&#8220;<strong>Technology Enabling Socio-Technical System-Design (STS-D)&#8221;,<\/strong> <strong>Harald Kviecien<\/strong>, KOHS, Vienna, Austria<\/li>\n<\/ul>\n\n\n\n<p><strong>Cooperation<\/strong>:<\/p>\n\n\n\n<p>The conference is supported by <a href=\"http:\/\/www.aal-europe.eu\/\">AAL Europe<\/a>, <a href=\"http:\/\/www.ergonomics-fees.eu\/\">FEES (Federation of the European Ergonomics Societies)<\/a> and organized by KOHS in collaboration with the <a href=\"https:\/\/baehfofficial.wixsite.com\/baehf\">Bulgarian Association for Ergonomics and Human Factors (BAEHF)<\/a> and the <a href=\"https:\/\/met.ergonomiavilaga.hu\/\">Hungarian Ergonomics Society (MET)<\/a>.<\/p>\n\n\n\n<div class=\"wp-block-group is-nowrap is-layout-flex wp-container-core-group-is-layout-ad2f72ca wp-block-group-is-layout-flex\">\n<figure class=\"wp-block-image size-medium\"><a href=\"https:\/\/baehfofficial.wixsite.com\/baehf\"><img loading=\"lazy\" decoding=\"async\" width=\"300\" height=\"81\" src=\"https:\/\/kohs.at\/cms\/en\/wp-content\/uploads\/2024\/06\/BAEHF-Official-LOGO-completed-300x81.webp\" alt=\"\" class=\"wp-image-127\" style=\"object-fit:cover\" srcset=\"https:\/\/kohs.at\/cms\/en\/wp-content\/uploads\/2024\/06\/BAEHF-Official-LOGO-completed-300x81.webp 300w, https:\/\/kohs.at\/cms\/en\/wp-content\/uploads\/2024\/06\/BAEHF-Official-LOGO-completed.webp 390w\" sizes=\"auto, (max-width: 300px) 100vw, 300px\" \/><\/a><\/figure>\n\n\n\n<figure class=\"wp-block-image size-full\"><img loading=\"lazy\" decoding=\"async\" width=\"174\" height=\"69\" src=\"https:\/\/kohs.at\/cms\/en\/wp-content\/uploads\/2024\/04\/MET.gif\" alt=\"\" class=\"wp-image-207\"\/><\/figure>\n<\/div>\n\n\n\n<p>Further the conference is supported by the <a href=\"https:\/\/iea.cc\/member\/safety-health\/\">Technical Committee for Safety and Health<\/a> of the <a href=\"https:\/\/iea.cc\/\">International Ergonomics Association (IEA)<\/a> , the Ergonomics Society of Serbia and the <a href=\"https:\/\/www.oeae.at\/\">Austrian Ergonomics Society (\u00d6AE)<\/a>.<\/p>\n\n\n\n<div class=\"wp-block-group is-nowrap is-layout-flex wp-container-core-group-is-layout-ad2f72ca wp-block-group-is-layout-flex\">\n<figure class=\"wp-block-image size-full\"><a href=\"https:\/\/www.oeae.at\/\"><img loading=\"lazy\" decoding=\"async\" width=\"214\" height=\"87\" src=\"http:\/\/kohs.at\/cms\/en\/wp-content\/uploads\/2024\/10\/oeae_logo.jpg\" alt=\"\u00d6AE (austrian ergonomics society)\" class=\"wp-image-178\" style=\"object-fit:cover\"\/><\/a><\/figure>\n\n\n\n<figure class=\"wp-block-image size-full\"><a href=\"https:\/\/ergonomics-fees.eu\/2018\/09\/23\/serbia-ergonomics-society-of-serbia\/\"><img loading=\"lazy\" decoding=\"async\" width=\"173\" height=\"212\" src=\"https:\/\/kohs.at\/cms\/en\/wp-content\/uploads\/2025\/10\/ESS.png\" alt=\"Ergonomics Society of Serbia\" class=\"wp-image-239\" style=\"object-fit:cover\"\/><\/a><\/figure>\n\n\n\n<figure class=\"wp-block-image size-full\"><a href=\"http_\/\/www.kohs.at\"><img loading=\"lazy\" decoding=\"async\" width=\"200\" height=\"120\" src=\"http:\/\/kohs.at\/cms\/en\/wp-content\/uploads\/2024\/10\/kohs_logo.gif\" alt=\"KOHS\" class=\"wp-image-177\"\/><\/a><\/figure>\n<\/div>\n\n\n\n<p><\/p>\n","protected":false},"excerpt":{"rendered":"<p>Technology \u2192 Ergonomics \u2192 OH \u2192 health care \u2192 AAL&lt;&lt;&lt; towards human centered AI &gt;&gt;&gt; When &amp; where:place: virtualdate: December 11th 2025 14:00 CETduration: ~2-3 hoursapplication\/registration: Please apply\/register here. (available: sponsored attendance (free of charge))contact: events@kohs.at. Call for papers: It is planned to produce a conference publication. If you are interested in presenting (short inputs&hellip; <a class=\"more-link\" href=\"https:\/\/kohs.at\/cms\/en\/2025\/10\/29\/technology-for-co-working-on-health-and-active-life-2nd-conference\/\">Continue reading <span class=\"screen-reader-text\">Technology for co-working on health and active life: 2nd conference.<\/span><\/a><\/p>\n","protected":false},"author":1,"featured_media":0,"comment_status":"open","ping_status":"open","sticky":false,"template":"","format":"standard","meta":{"footnotes":""},"categories":[18],"tags":[43,14],"class_list":["post-205","post","type-post","status-publish","format-standard","hentry","category-events","tag-ergonomics","tag-healthcare","entry"],"_links":{"self":[{"href":"https:\/\/kohs.at\/cms\/en\/wp-json\/wp\/v2\/posts\/205","targetHints":{"allow":["GET"]}}],"collection":[{"href":"https:\/\/kohs.at\/cms\/en\/wp-json\/wp\/v2\/posts"}],"about":[{"href":"https:\/\/kohs.at\/cms\/en\/wp-json\/wp\/v2\/types\/post"}],"author":[{"embeddable":true,"href":"https:\/\/kohs.at\/cms\/en\/wp-json\/wp\/v2\/users\/1"}],"replies":[{"embeddable":true,"href":"https:\/\/kohs.at\/cms\/en\/wp-json\/wp\/v2\/comments?post=205"}],"version-history":[{"count":26,"href":"https:\/\/kohs.at\/cms\/en\/wp-json\/wp\/v2\/posts\/205\/revisions"}],"predecessor-version":[{"id":252,"href":"https:\/\/kohs.at\/cms\/en\/wp-json\/wp\/v2\/posts\/205\/revisions\/252"}],"wp:attachment":[{"href":"https:\/\/kohs.at\/cms\/en\/wp-json\/wp\/v2\/media?parent=205"}],"wp:term":[{"taxonomy":"category","embeddable":true,"href":"https:\/\/kohs.at\/cms\/en\/wp-json\/wp\/v2\/categories?post=205"},{"taxonomy":"post_tag","embeddable":true,"href":"https:\/\/kohs.at\/cms\/en\/wp-json\/wp\/v2\/tags?post=205"}],"curies":[{"name":"wp","href":"https:\/\/api.w.org\/{rel}","templated":true}]}}